{"id":16576,"date":"2024-06-28T11:18:00","date_gmt":"2024-06-28T09:18:00","guid":{"rendered":"https:\/\/festibity.com\/general\/sopra-steria-gestion-de-proyectos-estrategicos\/"},"modified":"2026-01-23T14:44:48","modified_gmt":"2026-01-23T12:44:48","slug":"sopra-steria-gestion-de-proyectos-estrategicos","status":"publish","type":"post","link":"https:\/\/festibity.com\/es\/noticies-partner\/sopra-steria-gestion-de-proyectos-estrategicos\/","title":{"rendered":"Sopra Steria, gesti\u00f3n de proyectos estrat\u00e9gicos"},"content":{"rendered":"<p><em>Art\u00edculo facilitado por: Sopra Steria<\/em><\/p>\n<ul>\n<li class=\"rtejustify\"><a name=\"_Hlk167377693\">El servicio, de una duraci\u00f3n de 24 meses, ampliable otros 12, tiene un valor de 2,6 millones de euros<\/a><\/li>\n<li class=\"rtejustify\">Entre otros servicios, garantizar\u00e1 la calidad en la ejecuci\u00f3n de las iniciativas, analizar\u00e1 los riesgos y asegurar\u00e1 la correcta comunicaci\u00f3n interna y externa sobre su evoluci\u00f3<\/li>\n<\/ul>\n<p class=\"rtejustify\"><strong>Sopra Steria, reconocido l\u00edder europeo en consultor\u00eda, servicios digitales y desarrollo de software, ha firmado un contrato con el Centre de Telecomunicacions i Tecnologies de la Informaci\u00f3 de la Generalitat de Catalunya (CTTI) para apoyar al Departament d\u2019Educaci\u00f3 de la Generalitat en la gesti\u00f3n de sus proyectos estrat\u00e9gicos y en la gobernanza de fondos europeos. El servicio, de una duraci\u00f3n de 24 meses, ampliable otros 12, tiene un valor de 2,6 millones de euros.<\/strong><\/p>\n<p class=\"rtejustify\">De este modo, Sopra Steria, a trav\u00e9s de una \u00fanica oficina, dar\u00e1 soporte a los proyectos estrat\u00e9gicos de la direcci\u00f3n del \u00c1rea TIC del Departament d\u2019Educaci\u00f3 con los siguientes objetivos: proporcionar una visi\u00f3n estrat\u00e9gica y ejecutiva de las iniciativas, garantizar la calidad en la ejecuci\u00f3n de los proyectos, realizar una adecuada gesti\u00f3n del cambio, analizar los riesgos y asegurar la correcta comunicaci\u00f3n interna y externa sobre su evoluci\u00f3n.<\/p>\n<p class=\"rtejustify\">Adem\u00e1s, dar\u00e1 apoyo al seguimiento de presupuestos, control econ\u00f3mico y evaluaci\u00f3n de cartera del Departament, junto con la gobernanza de Fondos Europeos.<\/p>\n<p class=\"rtejustify\">Dentro de los proyectos estrat\u00e9gicos del Departament se encuentran, los procedentes del Plan de Educaci\u00f3n Digital (PEDC) y los relacionados con iniciativas de Digitalizaci\u00f3n financiados con fondos europeos (MRR, REACT, FEDER o cualquier otra tipolog\u00eda), entre otros.<\/p>\n<p class=\"rtejustify\"><em>\u00abA trav\u00e9s de este contrato, Sopra Steria ampl\u00eda su colaboraci\u00f3n con la Generalitat de Catalunya y da continuidad a su experiencia anterior en el Departament d\u2019 Educaci\u00f3 en el Centre de Suport a la Gesti\u00f3 de la Qualitat y Centre de Telecomunicacions i Tecnologies de la Informaci\u00f3, con el que ya llevamos trabajando seis a\u00f1os\u201d,<\/em> ha dicho Antonio Pe\u00f1alver, Director General de Sopra Steria Espa\u00f1a.<\/p><\/p>\n","protected":false},"excerpt":{"rendered":"<p>Sopra Steria en la gesti\u00f3n de proyectos estrat\u00e9gicos TIC\u00a0de la Generalitat de Catalunya<\/p>\n","protected":false},"author":1,"featured_media":19758,"comment_status":"closed","ping_status":"closed","sticky":false,"template":"","format":"standard","meta":{"_acf_changed":false,"footnotes":"","_members_access_role":[],"_members_access_error":""},"categories":[35],"tags":[],"class_list":["post-16576","post","type-post","status-publish","format-standard","has-post-thumbnail","hentry","category-noticies-partner"],"acf":[],"_links":{"self":[{"href":"https:\/\/festibity.com\/es\/wp-json\/wp\/v2\/posts\/16576","targetHints":{"allow":["GET"]}}],"collection":[{"href":"https:\/\/festibity.com\/es\/wp-json\/wp\/v2\/posts"}],"about":[{"href":"https:\/\/festibity.com\/es\/wp-json\/wp\/v2\/types\/post"}],"author":[{"embeddable":true,"href":"https:\/\/festibity.com\/es\/wp-json\/wp\/v2\/users\/1"}],"replies":[{"embeddable":true,"href":"https:\/\/festibity.com\/es\/wp-json\/wp\/v2\/comments?post=16576"}],"version-history":[{"count":1,"href":"https:\/\/festibity.com\/es\/wp-json\/wp\/v2\/posts\/16576\/revisions"}],"predecessor-version":[{"id":17786,"href":"https:\/\/festibity.com\/es\/wp-json\/wp\/v2\/posts\/16576\/revisions\/17786"}],"wp:featuredmedia":[{"embeddable":true,"href":"https:\/\/festibity.com\/es\/wp-json\/wp\/v2\/media\/19758"}],"wp:attachment":[{"href":"https:\/\/festibity.com\/es\/wp-json\/wp\/v2\/media?parent=16576"}],"wp:term":[{"taxonomy":"category","embeddable":true,"href":"https:\/\/festibity.com\/es\/wp-json\/wp\/v2\/categories?post=16576"},{"taxonomy":"post_tag","embeddable":true,"href":"https:\/\/festibity.com\/es\/wp-json\/wp\/v2\/tags?post=16576"}],"curies":[{"name":"wp","href":"https:\/\/api.w.org\/{rel}","templated":true}]}}